{"id":3164,"date":"2026-03-12T22:01:06","date_gmt":"2026-03-12T21:01:06","guid":{"rendered":"https:\/\/www.ggs-walheim.de\/?p=3164"},"modified":"2026-03-12T22:03:02","modified_gmt":"2026-03-12T21:03:02","slug":"kinderparlament-in-aachen","status":"publish","type":"post","link":"https:\/\/www.ggs-walheim.de\/index.php\/2026\/03\/12\/kinderparlament-in-aachen\/","title":{"rendered":"Kinderparlament in Aachen"},"content":{"rendered":"\n<figure class=\"wp-block-image size-large\"><img loading=\"lazy\" decoding=\"async\" width=\"1440\" height=\"1080\" src=\"https:\/\/www.ggs-walheim.de\/wp-content\/uploads\/2026\/03\/Kinderparlament-2-1440x1080.jpeg\" alt=\"\" class=\"wp-image-3165\" srcset=\"https:\/\/www.ggs-walheim.de\/wp-content\/uploads\/2026\/03\/Kinderparlament-2-1440x1080.jpeg 1440w, https:\/\/www.ggs-walheim.de\/wp-content\/uploads\/2026\/03\/Kinderparlament-2-300x225.jpeg 300w, https:\/\/www.ggs-walheim.de\/wp-content\/uploads\/2026\/03\/Kinderparlament-2-1536x1152.jpeg 1536w, https:\/\/www.ggs-walheim.de\/wp-content\/uploads\/2026\/03\/Kinderparlament-2-2048x1536.jpeg 2048w, https:\/\/www.ggs-walheim.de\/wp-content\/uploads\/2026\/03\/Kinderparlament-2-800x600.jpeg 800w\" sizes=\"auto, (max-width: 1440px) 100vw, 1440px\" \/><\/figure>\n\n\n\n<p>Ein Ausschuss von drei Kindern hat das Kinderparlament der GGS Walheim beim gro\u00dfen Kinderparlamentstreffen in Aachen vertreten. Zwei Mitarbeiterinnen der Stadt sind zu diesem Forum gekommen, um \u00fcber den Stand der Antr\u00e4ge verschiedener Schulen zu berichten. Unsere Schule hatte keinen Antrag eingereicht. Anschlie\u00dfend wurden die Kinderrechte thematisiert und Schilder dazu bemalt. An der gro\u00dfen Kinderdemonstration in Aachen Mitte Mai k\u00f6nnen wir leider nicht teilnehmen, wir werden die Schilder aber auf dem Weltkindertag in Walheim im September 2026 hochhalten.<\/p>\n","protected":false},"excerpt":{"rendered":"<p>Ein Ausschuss von drei Kindern hat das Kinderparlament der GGS Walheim beim gro\u00dfen Kinderparlamentstreffen in Aachen vertreten. Zwei Mitarbeiterinnen der Stadt sind zu diesem Forum&hellip;<\/p>\n","protected":false},"author":1,"featured_media":0,"comment_status":"closed","ping_status":"closed","sticky":false,"template":"","format":"standard","meta":{"ngg_post_thumbnail":0,"_FSMCFIC_featured_image_caption":"","_FSMCFIC_featured_image_nocaption":"","_FSMCFIC_featured_image_hide":"","footnotes":""},"categories":[325],"tags":[],"class_list":["post-3164","post","type-post","status-publish","format-standard","hentry","category-news"],"yoast_head":"<!-- This site is optimized with the Yoast SEO plugin v27.5 - https:\/\/yoast.com\/product\/yoast-seo-wordpress\/ -->\n<title>Kinderparlament in Aachen - GGS Walheim<\/title>\n<meta name=\"robots\" content=\"index, follow, max-snippet:-1, max-image-preview:large, max-video-preview:-1\" \/>\n<link rel=\"canonical\" href=\"https:\/\/www.ggs-walheim.de\/index.php\/2026\/03\/12\/kinderparlament-in-aachen\/\" \/>\n<meta property=\"og:locale\" content=\"de_DE\" \/>\n<meta property=\"og:type\" content=\"article\" \/>\n<meta property=\"og:title\" content=\"Kinderparlament in Aachen - GGS Walheim\" \/>\n<meta property=\"og:description\" content=\"Ein Ausschuss von drei Kindern hat das Kinderparlament der GGS Walheim beim gro\u00dfen Kinderparlamentstreffen in Aachen vertreten. Zwei Mitarbeiterinnen der Stadt sind zu diesem Forum&hellip;\" \/>\n<meta property=\"og:url\" content=\"https:\/\/www.ggs-walheim.de\/index.php\/2026\/03\/12\/kinderparlament-in-aachen\/\" \/>\n<meta property=\"og:site_name\" content=\"GGS Walheim\" \/>\n<meta property=\"article:published_time\" content=\"2026-03-12T21:01:06+00:00\" \/>\n<meta property=\"article:modified_time\" content=\"2026-03-12T21:03:02+00:00\" \/>\n<meta property=\"og:image\" content=\"https:\/\/www.ggs-walheim.de\/wp-content\/uploads\/2026\/03\/Kinderparlament-2-1440x1080.jpeg\" \/>\n<meta name=\"author\" content=\"GGS Walheim\" \/>\n<meta name=\"twitter:card\" content=\"summary_large_image\" \/>\n<meta name=\"twitter:label1\" content=\"Verfasst von\" \/>\n\t<meta name=\"twitter:data1\" content=\"GGS Walheim\" \/>\n\t<meta name=\"twitter:label2\" content=\"Gesch\u00e4tzte Lesezeit\" \/>\n\t<meta name=\"twitter:data2\" content=\"1\u00a0Minute\" \/>\n<script type=\"application\/ld+json\" class=\"yoast-schema-graph\">{\"@context\":\"https:\\\/\\\/schema.org\",\"@graph\":[{\"@type\":\"Article\",\"@id\":\"https:\\\/\\\/www.ggs-walheim.de\\\/index.php\\\/2026\\\/03\\\/12\\\/kinderparlament-in-aachen\\\/#article\",\"isPartOf\":{\"@id\":\"https:\\\/\\\/www.ggs-walheim.de\\\/index.php\\\/2026\\\/03\\\/12\\\/kinderparlament-in-aachen\\\/\"},\"author\":{\"name\":\"GGS Walheim\",\"@id\":\"https:\\\/\\\/www.ggs-walheim.de\\\/#\\\/schema\\\/person\\\/dc498b4c02ff41b1686e53870c3f1d3a\"},\"headline\":\"Kinderparlament in Aachen\",\"datePublished\":\"2026-03-12T21:01:06+00:00\",\"dateModified\":\"2026-03-12T21:03:02+00:00\",\"mainEntityOfPage\":{\"@id\":\"https:\\\/\\\/www.ggs-walheim.de\\\/index.php\\\/2026\\\/03\\\/12\\\/kinderparlament-in-aachen\\\/\"},\"wordCount\":85,\"publisher\":{\"@id\":\"https:\\\/\\\/www.ggs-walheim.de\\\/#organization\"},\"image\":{\"@id\":\"https:\\\/\\\/www.ggs-walheim.de\\\/index.php\\\/2026\\\/03\\\/12\\\/kinderparlament-in-aachen\\\/#primaryimage\"},\"thumbnailUrl\":\"https:\\\/\\\/www.ggs-walheim.de\\\/wp-content\\\/uploads\\\/2026\\\/03\\\/Kinderparlament-2-1440x1080.jpeg\",\"articleSection\":[\"News\"],\"inLanguage\":\"de\"},{\"@type\":\"WebPage\",\"@id\":\"https:\\\/\\\/www.ggs-walheim.de\\\/index.php\\\/2026\\\/03\\\/12\\\/kinderparlament-in-aachen\\\/\",\"url\":\"https:\\\/\\\/www.ggs-walheim.de\\\/index.php\\\/2026\\\/03\\\/12\\\/kinderparlament-in-aachen\\\/\",\"name\":\"Kinderparlament in Aachen - GGS Walheim\",\"isPartOf\":{\"@id\":\"https:\\\/\\\/www.ggs-walheim.de\\\/#website\"},\"primaryImageOfPage\":{\"@id\":\"https:\\\/\\\/www.ggs-walheim.de\\\/index.php\\\/2026\\\/03\\\/12\\\/kinderparlament-in-aachen\\\/#primaryimage\"},\"image\":{\"@id\":\"https:\\\/\\\/www.ggs-walheim.de\\\/index.php\\\/2026\\\/03\\\/12\\\/kinderparlament-in-aachen\\\/#primaryimage\"},\"thumbnailUrl\":\"https:\\\/\\\/www.ggs-walheim.de\\\/wp-content\\\/uploads\\\/2026\\\/03\\\/Kinderparlament-2-1440x1080.jpeg\",\"datePublished\":\"2026-03-12T21:01:06+00:00\",\"dateModified\":\"2026-03-12T21:03:02+00:00\",\"breadcrumb\":{\"@id\":\"https:\\\/\\\/www.ggs-walheim.de\\\/index.php\\\/2026\\\/03\\\/12\\\/kinderparlament-in-aachen\\\/#breadcrumb\"},\"inLanguage\":\"de\",\"potentialAction\":[{\"@type\":\"ReadAction\",\"target\":[\"https:\\\/\\\/www.ggs-walheim.de\\\/index.php\\\/2026\\\/03\\\/12\\\/kinderparlament-in-aachen\\\/\"]}]},{\"@type\":\"ImageObject\",\"inLanguage\":\"de\",\"@id\":\"https:\\\/\\\/www.ggs-walheim.de\\\/index.php\\\/2026\\\/03\\\/12\\\/kinderparlament-in-aachen\\\/#primaryimage\",\"url\":\"https:\\\/\\\/www.ggs-walheim.de\\\/wp-content\\\/uploads\\\/2026\\\/03\\\/Kinderparlament-2-1440x1080.jpeg\",\"contentUrl\":\"https:\\\/\\\/www.ggs-walheim.de\\\/wp-content\\\/uploads\\\/2026\\\/03\\\/Kinderparlament-2-1440x1080.jpeg\"},{\"@type\":\"BreadcrumbList\",\"@id\":\"https:\\\/\\\/www.ggs-walheim.de\\\/index.php\\\/2026\\\/03\\\/12\\\/kinderparlament-in-aachen\\\/#breadcrumb\",\"itemListElement\":[{\"@type\":\"ListItem\",\"position\":1,\"name\":\"Startseite\",\"item\":\"https:\\\/\\\/www.ggs-walheim.de\\\/\"},{\"@type\":\"ListItem\",\"position\":2,\"name\":\"Kinderparlament in Aachen\"}]},{\"@type\":\"WebSite\",\"@id\":\"https:\\\/\\\/www.ggs-walheim.de\\\/#website\",\"url\":\"https:\\\/\\\/www.ggs-walheim.de\\\/\",\"name\":\"GGS Walheim\",\"description\":\"Zu Hause im Aachener S\u00fcden\",\"publisher\":{\"@id\":\"https:\\\/\\\/www.ggs-walheim.de\\\/#organization\"},\"potentialAction\":[{\"@type\":\"SearchAction\",\"target\":{\"@type\":\"EntryPoint\",\"urlTemplate\":\"https:\\\/\\\/www.ggs-walheim.de\\\/?s={search_term_string}\"},\"query-input\":{\"@type\":\"PropertyValueSpecification\",\"valueRequired\":true,\"valueName\":\"search_term_string\"}}],\"inLanguage\":\"de\"},{\"@type\":\"Organization\",\"@id\":\"https:\\\/\\\/www.ggs-walheim.de\\\/#organization\",\"name\":\"St\u00e4dtische Gemeinschaftsgrundschule Walheim\",\"url\":\"https:\\\/\\\/www.ggs-walheim.de\\\/\",\"logo\":{\"@type\":\"ImageObject\",\"inLanguage\":\"de\",\"@id\":\"https:\\\/\\\/www.ggs-walheim.de\\\/#\\\/schema\\\/logo\\\/image\\\/\",\"url\":\"https:\\\/\\\/www.ggs-walheim.de\\\/wp-content\\\/uploads\\\/2020\\\/10\\\/logo-ggs.png\",\"contentUrl\":\"https:\\\/\\\/www.ggs-walheim.de\\\/wp-content\\\/uploads\\\/2020\\\/10\\\/logo-ggs.png\",\"width\":1363,\"height\":1363,\"caption\":\"St\u00e4dtische Gemeinschaftsgrundschule Walheim\"},\"image\":{\"@id\":\"https:\\\/\\\/www.ggs-walheim.de\\\/#\\\/schema\\\/logo\\\/image\\\/\"}},{\"@type\":\"Person\",\"@id\":\"https:\\\/\\\/www.ggs-walheim.de\\\/#\\\/schema\\\/person\\\/dc498b4c02ff41b1686e53870c3f1d3a\",\"name\":\"GGS Walheim\",\"image\":{\"@type\":\"ImageObject\",\"inLanguage\":\"de\",\"@id\":\"https:\\\/\\\/secure.gravatar.com\\\/avatar\\\/23f48a97eefdf604c89fbb81af5e467a1fc46f923bb9a338ac540f530aeb7dc4?s=96&d=mm&r=g\",\"url\":\"https:\\\/\\\/secure.gravatar.com\\\/avatar\\\/23f48a97eefdf604c89fbb81af5e467a1fc46f923bb9a338ac540f530aeb7dc4?s=96&d=mm&r=g\",\"contentUrl\":\"https:\\\/\\\/secure.gravatar.com\\\/avatar\\\/23f48a97eefdf604c89fbb81af5e467a1fc46f923bb9a338ac540f530aeb7dc4?s=96&d=mm&r=g\",\"caption\":\"GGS Walheim\"},\"url\":\"https:\\\/\\\/www.ggs-walheim.de\\\/index.php\\\/author\\\/ggs-walheim\\\/\"}]}<\/script>\n<!-- \/ Yoast SEO plugin. -->","yoast_head_json":{"title":"Kinderparlament in Aachen - GGS Walheim","robots":{"index":"index","follow":"follow","max-snippet":"max-snippet:-1","max-image-preview":"max-image-preview:large","max-video-preview":"max-video-preview:-1"},"canonical":"https:\/\/www.ggs-walheim.de\/index.php\/2026\/03\/12\/kinderparlament-in-aachen\/","og_locale":"de_DE","og_type":"article","og_title":"Kinderparlament in Aachen - GGS Walheim","og_description":"Ein Ausschuss von drei Kindern hat das Kinderparlament der GGS Walheim beim gro\u00dfen Kinderparlamentstreffen in Aachen vertreten. Zwei Mitarbeiterinnen der Stadt sind zu diesem Forum&hellip;","og_url":"https:\/\/www.ggs-walheim.de\/index.php\/2026\/03\/12\/kinderparlament-in-aachen\/","og_site_name":"GGS Walheim","article_published_time":"2026-03-12T21:01:06+00:00","article_modified_time":"2026-03-12T21:03:02+00:00","og_image":[{"url":"https:\/\/www.ggs-walheim.de\/wp-content\/uploads\/2026\/03\/Kinderparlament-2-1440x1080.jpeg","type":"","width":"","height":""}],"author":"GGS Walheim","twitter_card":"summary_large_image","twitter_misc":{"Verfasst von":"GGS Walheim","Gesch\u00e4tzte Lesezeit":"1\u00a0Minute"},"schema":{"@context":"https:\/\/schema.org","@graph":[{"@type":"Article","@id":"https:\/\/www.ggs-walheim.de\/index.php\/2026\/03\/12\/kinderparlament-in-aachen\/#article","isPartOf":{"@id":"https:\/\/www.ggs-walheim.de\/index.php\/2026\/03\/12\/kinderparlament-in-aachen\/"},"author":{"name":"GGS Walheim","@id":"https:\/\/www.ggs-walheim.de\/#\/schema\/person\/dc498b4c02ff41b1686e53870c3f1d3a"},"headline":"Kinderparlament in Aachen","datePublished":"2026-03-12T21:01:06+00:00","dateModified":"2026-03-12T21:03:02+00:00","mainEntityOfPage":{"@id":"https:\/\/www.ggs-walheim.de\/index.php\/2026\/03\/12\/kinderparlament-in-aachen\/"},"wordCount":85,"publisher":{"@id":"https:\/\/www.ggs-walheim.de\/#organization"},"image":{"@id":"https:\/\/www.ggs-walheim.de\/index.php\/2026\/03\/12\/kinderparlament-in-aachen\/#primaryimage"},"thumbnailUrl":"https:\/\/www.ggs-walheim.de\/wp-content\/uploads\/2026\/03\/Kinderparlament-2-1440x1080.jpeg","articleSection":["News"],"inLanguage":"de"},{"@type":"WebPage","@id":"https:\/\/www.ggs-walheim.de\/index.php\/2026\/03\/12\/kinderparlament-in-aachen\/","url":"https:\/\/www.ggs-walheim.de\/index.php\/2026\/03\/12\/kinderparlament-in-aachen\/","name":"Kinderparlament in Aachen - GGS Walheim","isPartOf":{"@id":"https:\/\/www.ggs-walheim.de\/#website"},"primaryImageOfPage":{"@id":"https:\/\/www.ggs-walheim.de\/index.php\/2026\/03\/12\/kinderparlament-in-aachen\/#primaryimage"},"image":{"@id":"https:\/\/www.ggs-walheim.de\/index.php\/2026\/03\/12\/kinderparlament-in-aachen\/#primaryimage"},"thumbnailUrl":"https:\/\/www.ggs-walheim.de\/wp-content\/uploads\/2026\/03\/Kinderparlament-2-1440x1080.jpeg","datePublished":"2026-03-12T21:01:06+00:00","dateModified":"2026-03-12T21:03:02+00:00","breadcrumb":{"@id":"https:\/\/www.ggs-walheim.de\/index.php\/2026\/03\/12\/kinderparlament-in-aachen\/#breadcrumb"},"inLanguage":"de","potentialAction":[{"@type":"ReadAction","target":["https:\/\/www.ggs-walheim.de\/index.php\/2026\/03\/12\/kinderparlament-in-aachen\/"]}]},{"@type":"ImageObject","inLanguage":"de","@id":"https:\/\/www.ggs-walheim.de\/index.php\/2026\/03\/12\/kinderparlament-in-aachen\/#primaryimage","url":"https:\/\/www.ggs-walheim.de\/wp-content\/uploads\/2026\/03\/Kinderparlament-2-1440x1080.jpeg","contentUrl":"https:\/\/www.ggs-walheim.de\/wp-content\/uploads\/2026\/03\/Kinderparlament-2-1440x1080.jpeg"},{"@type":"BreadcrumbList","@id":"https:\/\/www.ggs-walheim.de\/index.php\/2026\/03\/12\/kinderparlament-in-aachen\/#breadcrumb","itemListElement":[{"@type":"ListItem","position":1,"name":"Startseite","item":"https:\/\/www.ggs-walheim.de\/"},{"@type":"ListItem","position":2,"name":"Kinderparlament in Aachen"}]},{"@type":"WebSite","@id":"https:\/\/www.ggs-walheim.de\/#website","url":"https:\/\/www.ggs-walheim.de\/","name":"GGS Walheim","description":"Zu Hause im Aachener S\u00fcden","publisher":{"@id":"https:\/\/www.ggs-walheim.de\/#organization"},"potentialAction":[{"@type":"SearchAction","target":{"@type":"EntryPoint","urlTemplate":"https:\/\/www.ggs-walheim.de\/?s={search_term_string}"},"query-input":{"@type":"PropertyValueSpecification","valueRequired":true,"valueName":"search_term_string"}}],"inLanguage":"de"},{"@type":"Organization","@id":"https:\/\/www.ggs-walheim.de\/#organization","name":"St\u00e4dtische Gemeinschaftsgrundschule Walheim","url":"https:\/\/www.ggs-walheim.de\/","logo":{"@type":"ImageObject","inLanguage":"de","@id":"https:\/\/www.ggs-walheim.de\/#\/schema\/logo\/image\/","url":"https:\/\/www.ggs-walheim.de\/wp-content\/uploads\/2020\/10\/logo-ggs.png","contentUrl":"https:\/\/www.ggs-walheim.de\/wp-content\/uploads\/2020\/10\/logo-ggs.png","width":1363,"height":1363,"caption":"St\u00e4dtische Gemeinschaftsgrundschule Walheim"},"image":{"@id":"https:\/\/www.ggs-walheim.de\/#\/schema\/logo\/image\/"}},{"@type":"Person","@id":"https:\/\/www.ggs-walheim.de\/#\/schema\/person\/dc498b4c02ff41b1686e53870c3f1d3a","name":"GGS Walheim","image":{"@type":"ImageObject","inLanguage":"de","@id":"https:\/\/secure.gravatar.com\/avatar\/23f48a97eefdf604c89fbb81af5e467a1fc46f923bb9a338ac540f530aeb7dc4?s=96&d=mm&r=g","url":"https:\/\/secure.gravatar.com\/avatar\/23f48a97eefdf604c89fbb81af5e467a1fc46f923bb9a338ac540f530aeb7dc4?s=96&d=mm&r=g","contentUrl":"https:\/\/secure.gravatar.com\/avatar\/23f48a97eefdf604c89fbb81af5e467a1fc46f923bb9a338ac540f530aeb7dc4?s=96&d=mm&r=g","caption":"GGS Walheim"},"url":"https:\/\/www.ggs-walheim.de\/index.php\/author\/ggs-walheim\/"}]}},"_links":{"self":[{"href":"https:\/\/www.ggs-walheim.de\/index.php\/wp-json\/wp\/v2\/posts\/3164","targetHints":{"allow":["GET"]}}],"collection":[{"href":"https:\/\/www.ggs-walheim.de\/index.php\/wp-json\/wp\/v2\/posts"}],"about":[{"href":"https:\/\/www.ggs-walheim.de\/index.php\/wp-json\/wp\/v2\/types\/post"}],"author":[{"embeddable":true,"href":"https:\/\/www.ggs-walheim.de\/index.php\/wp-json\/wp\/v2\/users\/1"}],"replies":[{"embeddable":true,"href":"https:\/\/www.ggs-walheim.de\/index.php\/wp-json\/wp\/v2\/comments?post=3164"}],"version-history":[{"count":2,"href":"https:\/\/www.ggs-walheim.de\/index.php\/wp-json\/wp\/v2\/posts\/3164\/revisions"}],"predecessor-version":[{"id":3167,"href":"https:\/\/www.ggs-walheim.de\/index.php\/wp-json\/wp\/v2\/posts\/3164\/revisions\/3167"}],"wp:attachment":[{"href":"https:\/\/www.ggs-walheim.de\/index.php\/wp-json\/wp\/v2\/media?parent=3164"}],"wp:term":[{"taxonomy":"category","embeddable":true,"href":"https:\/\/www.ggs-walheim.de\/index.php\/wp-json\/wp\/v2\/categories?post=3164"},{"taxonomy":"post_tag","embeddable":true,"href":"https:\/\/www.ggs-walheim.de\/index.php\/wp-json\/wp\/v2\/tags?post=3164"}],"curies":[{"name":"wp","href":"https:\/\/api.w.org\/{rel}","templated":true}]}}