{"id":2563,"date":"2024-08-18T18:28:45","date_gmt":"2024-08-18T16:28:45","guid":{"rendered":"https:\/\/www.ggs-walheim.de\/?p=2563"},"modified":"2024-08-18T18:32:22","modified_gmt":"2024-08-18T16:32:22","slug":"schuljahresende-verabschiedung-der-viertklaessler","status":"publish","type":"post","link":"https:\/\/www.ggs-walheim.de\/index.php\/2024\/08\/18\/schuljahresende-verabschiedung-der-viertklaessler\/","title":{"rendered":"Schuljahresende &#8211; Verabschiedung der Viertkl\u00e4ssler"},"content":{"rendered":"\n<p>Mit einer furiosen Feier wurden die Viertkl\u00e4ssler verabschiedet. Mit olympischen Spielen und spannenden Wettk\u00e4mpfen wurden Kinder, Eltern und Lehr- und OGS-Kr\u00e4fte auf Trab gebracht. Es war eine eindrucksvolle Show!<\/p>\n\n\n\n<p>Nun sind sie weg &#8211; unsere Gro\u00dfen. Wir w\u00fcnschen ihnen alles Gute f\u00fcr ihre weitere schulische Laufbahn.<\/p>\n\n\n\n<p>Allen Kindern, Eltern und Kolleginnen und Kollegen w\u00fcnschen wir fr\u00f6hliche und sonnige Sommerferien.<\/p>\n","protected":false},"excerpt":{"rendered":"<p>Mit einer furiosen Feier wurden die Viertkl\u00e4ssler verabschiedet. Mit olympischen Spielen und spannenden Wettk\u00e4mpfen wurden Kinder, Eltern und Lehr- und OGS-Kr\u00e4fte auf Trab gebracht. Es&hellip;<\/p>\n","protected":false},"author":4,"featured_media":0,"comment_status":"closed","ping_status":"closed","sticky":false,"template":"","format":"standard","meta":{"ngg_post_thumbnail":0,"_FSMCFIC_featured_image_caption":"","_FSMCFIC_featured_image_nocaption":"","_FSMCFIC_featured_image_hide":"","footnotes":""},"categories":[91],"tags":[],"class_list":["post-2563","post","type-post","status-publish","format-standard","hentry","category-ferien"],"yoast_head":"<!-- This site is optimized with the Yoast SEO plugin v27.5 - https:\/\/yoast.com\/product\/yoast-seo-wordpress\/ -->\n<title>Schuljahresende - Verabschiedung der Viertkl\u00e4ssler - GGS Walheim<\/title>\n<meta name=\"robots\" content=\"index, follow, max-snippet:-1, max-image-preview:large, max-video-preview:-1\" \/>\n<link rel=\"canonical\" href=\"https:\/\/www.ggs-walheim.de\/index.php\/2024\/08\/18\/schuljahresende-verabschiedung-der-viertklaessler\/\" \/>\n<meta property=\"og:locale\" content=\"de_DE\" \/>\n<meta property=\"og:type\" content=\"article\" \/>\n<meta property=\"og:title\" content=\"Schuljahresende - Verabschiedung der Viertkl\u00e4ssler - GGS Walheim\" \/>\n<meta property=\"og:description\" content=\"Mit einer furiosen Feier wurden die Viertkl\u00e4ssler verabschiedet. Mit olympischen Spielen und spannenden Wettk\u00e4mpfen wurden Kinder, Eltern und Lehr- und OGS-Kr\u00e4fte auf Trab gebracht. Es&hellip;\" \/>\n<meta property=\"og:url\" content=\"https:\/\/www.ggs-walheim.de\/index.php\/2024\/08\/18\/schuljahresende-verabschiedung-der-viertklaessler\/\" \/>\n<meta property=\"og:site_name\" content=\"GGS Walheim\" \/>\n<meta property=\"article:published_time\" content=\"2024-08-18T16:28:45+00:00\" \/>\n<meta property=\"article:modified_time\" content=\"2024-08-18T16:32:22+00:00\" \/>\n<meta name=\"author\" content=\"Tanja Braun\" \/>\n<meta name=\"twitter:card\" content=\"summary_large_image\" \/>\n<meta name=\"twitter:label1\" content=\"Verfasst von\" \/>\n\t<meta name=\"twitter:data1\" content=\"Tanja Braun\" \/>\n\t<meta name=\"twitter:label2\" content=\"Gesch\u00e4tzte Lesezeit\" \/>\n\t<meta name=\"twitter:data2\" content=\"1\u00a0Minute\" \/>\n<script type=\"application\/ld+json\" class=\"yoast-schema-graph\">{\"@context\":\"https:\\\/\\\/schema.org\",\"@graph\":[{\"@type\":\"Article\",\"@id\":\"https:\\\/\\\/www.ggs-walheim.de\\\/index.php\\\/2024\\\/08\\\/18\\\/schuljahresende-verabschiedung-der-viertklaessler\\\/#article\",\"isPartOf\":{\"@id\":\"https:\\\/\\\/www.ggs-walheim.de\\\/index.php\\\/2024\\\/08\\\/18\\\/schuljahresende-verabschiedung-der-viertklaessler\\\/\"},\"author\":{\"name\":\"Tanja Braun\",\"@id\":\"https:\\\/\\\/www.ggs-walheim.de\\\/#\\\/schema\\\/person\\\/1061c3ae66852b2c981184a8f306f601\"},\"headline\":\"Schuljahresende &#8211; Verabschiedung der Viertkl\u00e4ssler\",\"datePublished\":\"2024-08-18T16:28:45+00:00\",\"dateModified\":\"2024-08-18T16:32:22+00:00\",\"mainEntityOfPage\":{\"@id\":\"https:\\\/\\\/www.ggs-walheim.de\\\/index.php\\\/2024\\\/08\\\/18\\\/schuljahresende-verabschiedung-der-viertklaessler\\\/\"},\"wordCount\":73,\"publisher\":{\"@id\":\"https:\\\/\\\/www.ggs-walheim.de\\\/#organization\"},\"articleSection\":[\"Ferien\"],\"inLanguage\":\"de\"},{\"@type\":\"WebPage\",\"@id\":\"https:\\\/\\\/www.ggs-walheim.de\\\/index.php\\\/2024\\\/08\\\/18\\\/schuljahresende-verabschiedung-der-viertklaessler\\\/\",\"url\":\"https:\\\/\\\/www.ggs-walheim.de\\\/index.php\\\/2024\\\/08\\\/18\\\/schuljahresende-verabschiedung-der-viertklaessler\\\/\",\"name\":\"Schuljahresende - Verabschiedung der Viertkl\u00e4ssler - GGS Walheim\",\"isPartOf\":{\"@id\":\"https:\\\/\\\/www.ggs-walheim.de\\\/#website\"},\"datePublished\":\"2024-08-18T16:28:45+00:00\",\"dateModified\":\"2024-08-18T16:32:22+00:00\",\"breadcrumb\":{\"@id\":\"https:\\\/\\\/www.ggs-walheim.de\\\/index.php\\\/2024\\\/08\\\/18\\\/schuljahresende-verabschiedung-der-viertklaessler\\\/#breadcrumb\"},\"inLanguage\":\"de\",\"potentialAction\":[{\"@type\":\"ReadAction\",\"target\":[\"https:\\\/\\\/www.ggs-walheim.de\\\/index.php\\\/2024\\\/08\\\/18\\\/schuljahresende-verabschiedung-der-viertklaessler\\\/\"]}]},{\"@type\":\"BreadcrumbList\",\"@id\":\"https:\\\/\\\/www.ggs-walheim.de\\\/index.php\\\/2024\\\/08\\\/18\\\/schuljahresende-verabschiedung-der-viertklaessler\\\/#breadcrumb\",\"itemListElement\":[{\"@type\":\"ListItem\",\"position\":1,\"name\":\"Startseite\",\"item\":\"https:\\\/\\\/www.ggs-walheim.de\\\/\"},{\"@type\":\"ListItem\",\"position\":2,\"name\":\"Schuljahresende &#8211; Verabschiedung der Viertkl\u00e4ssler\"}]},{\"@type\":\"WebSite\",\"@id\":\"https:\\\/\\\/www.ggs-walheim.de\\\/#website\",\"url\":\"https:\\\/\\\/www.ggs-walheim.de\\\/\",\"name\":\"GGS Walheim\",\"description\":\"Zu Hause im Aachener S\u00fcden\",\"publisher\":{\"@id\":\"https:\\\/\\\/www.ggs-walheim.de\\\/#organization\"},\"potentialAction\":[{\"@type\":\"SearchAction\",\"target\":{\"@type\":\"EntryPoint\",\"urlTemplate\":\"https:\\\/\\\/www.ggs-walheim.de\\\/?s={search_term_string}\"},\"query-input\":{\"@type\":\"PropertyValueSpecification\",\"valueRequired\":true,\"valueName\":\"search_term_string\"}}],\"inLanguage\":\"de\"},{\"@type\":\"Organization\",\"@id\":\"https:\\\/\\\/www.ggs-walheim.de\\\/#organization\",\"name\":\"St\u00e4dtische Gemeinschaftsgrundschule Walheim\",\"url\":\"https:\\\/\\\/www.ggs-walheim.de\\\/\",\"logo\":{\"@type\":\"ImageObject\",\"inLanguage\":\"de\",\"@id\":\"https:\\\/\\\/www.ggs-walheim.de\\\/#\\\/schema\\\/logo\\\/image\\\/\",\"url\":\"https:\\\/\\\/www.ggs-walheim.de\\\/wp-content\\\/uploads\\\/2020\\\/10\\\/logo-ggs.png\",\"contentUrl\":\"https:\\\/\\\/www.ggs-walheim.de\\\/wp-content\\\/uploads\\\/2020\\\/10\\\/logo-ggs.png\",\"width\":1363,\"height\":1363,\"caption\":\"St\u00e4dtische Gemeinschaftsgrundschule Walheim\"},\"image\":{\"@id\":\"https:\\\/\\\/www.ggs-walheim.de\\\/#\\\/schema\\\/logo\\\/image\\\/\"}},{\"@type\":\"Person\",\"@id\":\"https:\\\/\\\/www.ggs-walheim.de\\\/#\\\/schema\\\/person\\\/1061c3ae66852b2c981184a8f306f601\",\"name\":\"Tanja Braun\",\"image\":{\"@type\":\"ImageObject\",\"inLanguage\":\"de\",\"@id\":\"https:\\\/\\\/secure.gravatar.com\\\/avatar\\\/ed9a9e7d8e42c39f57f1553c0be4549c2858987c08627d85c1abe11a99a75da1?s=96&d=mm&r=g\",\"url\":\"https:\\\/\\\/secure.gravatar.com\\\/avatar\\\/ed9a9e7d8e42c39f57f1553c0be4549c2858987c08627d85c1abe11a99a75da1?s=96&d=mm&r=g\",\"contentUrl\":\"https:\\\/\\\/secure.gravatar.com\\\/avatar\\\/ed9a9e7d8e42c39f57f1553c0be4549c2858987c08627d85c1abe11a99a75da1?s=96&d=mm&r=g\",\"caption\":\"Tanja Braun\"},\"url\":\"https:\\\/\\\/www.ggs-walheim.de\\\/index.php\\\/author\\\/tbraun\\\/\"}]}<\/script>\n<!-- \/ Yoast SEO plugin. -->","yoast_head_json":{"title":"Schuljahresende - Verabschiedung der Viertkl\u00e4ssler - GGS Walheim","robots":{"index":"index","follow":"follow","max-snippet":"max-snippet:-1","max-image-preview":"max-image-preview:large","max-video-preview":"max-video-preview:-1"},"canonical":"https:\/\/www.ggs-walheim.de\/index.php\/2024\/08\/18\/schuljahresende-verabschiedung-der-viertklaessler\/","og_locale":"de_DE","og_type":"article","og_title":"Schuljahresende - Verabschiedung der Viertkl\u00e4ssler - GGS Walheim","og_description":"Mit einer furiosen Feier wurden die Viertkl\u00e4ssler verabschiedet. Mit olympischen Spielen und spannenden Wettk\u00e4mpfen wurden Kinder, Eltern und Lehr- und OGS-Kr\u00e4fte auf Trab gebracht. Es&hellip;","og_url":"https:\/\/www.ggs-walheim.de\/index.php\/2024\/08\/18\/schuljahresende-verabschiedung-der-viertklaessler\/","og_site_name":"GGS Walheim","article_published_time":"2024-08-18T16:28:45+00:00","article_modified_time":"2024-08-18T16:32:22+00:00","author":"Tanja Braun","twitter_card":"summary_large_image","twitter_misc":{"Verfasst von":"Tanja Braun","Gesch\u00e4tzte Lesezeit":"1\u00a0Minute"},"schema":{"@context":"https:\/\/schema.org","@graph":[{"@type":"Article","@id":"https:\/\/www.ggs-walheim.de\/index.php\/2024\/08\/18\/schuljahresende-verabschiedung-der-viertklaessler\/#article","isPartOf":{"@id":"https:\/\/www.ggs-walheim.de\/index.php\/2024\/08\/18\/schuljahresende-verabschiedung-der-viertklaessler\/"},"author":{"name":"Tanja Braun","@id":"https:\/\/www.ggs-walheim.de\/#\/schema\/person\/1061c3ae66852b2c981184a8f306f601"},"headline":"Schuljahresende &#8211; Verabschiedung der Viertkl\u00e4ssler","datePublished":"2024-08-18T16:28:45+00:00","dateModified":"2024-08-18T16:32:22+00:00","mainEntityOfPage":{"@id":"https:\/\/www.ggs-walheim.de\/index.php\/2024\/08\/18\/schuljahresende-verabschiedung-der-viertklaessler\/"},"wordCount":73,"publisher":{"@id":"https:\/\/www.ggs-walheim.de\/#organization"},"articleSection":["Ferien"],"inLanguage":"de"},{"@type":"WebPage","@id":"https:\/\/www.ggs-walheim.de\/index.php\/2024\/08\/18\/schuljahresende-verabschiedung-der-viertklaessler\/","url":"https:\/\/www.ggs-walheim.de\/index.php\/2024\/08\/18\/schuljahresende-verabschiedung-der-viertklaessler\/","name":"Schuljahresende - Verabschiedung der Viertkl\u00e4ssler - GGS Walheim","isPartOf":{"@id":"https:\/\/www.ggs-walheim.de\/#website"},"datePublished":"2024-08-18T16:28:45+00:00","dateModified":"2024-08-18T16:32:22+00:00","breadcrumb":{"@id":"https:\/\/www.ggs-walheim.de\/index.php\/2024\/08\/18\/schuljahresende-verabschiedung-der-viertklaessler\/#breadcrumb"},"inLanguage":"de","potentialAction":[{"@type":"ReadAction","target":["https:\/\/www.ggs-walheim.de\/index.php\/2024\/08\/18\/schuljahresende-verabschiedung-der-viertklaessler\/"]}]},{"@type":"BreadcrumbList","@id":"https:\/\/www.ggs-walheim.de\/index.php\/2024\/08\/18\/schuljahresende-verabschiedung-der-viertklaessler\/#breadcrumb","itemListElement":[{"@type":"ListItem","position":1,"name":"Startseite","item":"https:\/\/www.ggs-walheim.de\/"},{"@type":"ListItem","position":2,"name":"Schuljahresende &#8211; Verabschiedung der Viertkl\u00e4ssler"}]},{"@type":"WebSite","@id":"https:\/\/www.ggs-walheim.de\/#website","url":"https:\/\/www.ggs-walheim.de\/","name":"GGS Walheim","description":"Zu Hause im Aachener S\u00fcden","publisher":{"@id":"https:\/\/www.ggs-walheim.de\/#organization"},"potentialAction":[{"@type":"SearchAction","target":{"@type":"EntryPoint","urlTemplate":"https:\/\/www.ggs-walheim.de\/?s={search_term_string}"},"query-input":{"@type":"PropertyValueSpecification","valueRequired":true,"valueName":"search_term_string"}}],"inLanguage":"de"},{"@type":"Organization","@id":"https:\/\/www.ggs-walheim.de\/#organization","name":"St\u00e4dtische Gemeinschaftsgrundschule Walheim","url":"https:\/\/www.ggs-walheim.de\/","logo":{"@type":"ImageObject","inLanguage":"de","@id":"https:\/\/www.ggs-walheim.de\/#\/schema\/logo\/image\/","url":"https:\/\/www.ggs-walheim.de\/wp-content\/uploads\/2020\/10\/logo-ggs.png","contentUrl":"https:\/\/www.ggs-walheim.de\/wp-content\/uploads\/2020\/10\/logo-ggs.png","width":1363,"height":1363,"caption":"St\u00e4dtische Gemeinschaftsgrundschule Walheim"},"image":{"@id":"https:\/\/www.ggs-walheim.de\/#\/schema\/logo\/image\/"}},{"@type":"Person","@id":"https:\/\/www.ggs-walheim.de\/#\/schema\/person\/1061c3ae66852b2c981184a8f306f601","name":"Tanja Braun","image":{"@type":"ImageObject","inLanguage":"de","@id":"https:\/\/secure.gravatar.com\/avatar\/ed9a9e7d8e42c39f57f1553c0be4549c2858987c08627d85c1abe11a99a75da1?s=96&d=mm&r=g","url":"https:\/\/secure.gravatar.com\/avatar\/ed9a9e7d8e42c39f57f1553c0be4549c2858987c08627d85c1abe11a99a75da1?s=96&d=mm&r=g","contentUrl":"https:\/\/secure.gravatar.com\/avatar\/ed9a9e7d8e42c39f57f1553c0be4549c2858987c08627d85c1abe11a99a75da1?s=96&d=mm&r=g","caption":"Tanja Braun"},"url":"https:\/\/www.ggs-walheim.de\/index.php\/author\/tbraun\/"}]}},"_links":{"self":[{"href":"https:\/\/www.ggs-walheim.de\/index.php\/wp-json\/wp\/v2\/posts\/2563","targetHints":{"allow":["GET"]}}],"collection":[{"href":"https:\/\/www.ggs-walheim.de\/index.php\/wp-json\/wp\/v2\/posts"}],"about":[{"href":"https:\/\/www.ggs-walheim.de\/index.php\/wp-json\/wp\/v2\/types\/post"}],"author":[{"embeddable":true,"href":"https:\/\/www.ggs-walheim.de\/index.php\/wp-json\/wp\/v2\/users\/4"}],"replies":[{"embeddable":true,"href":"https:\/\/www.ggs-walheim.de\/index.php\/wp-json\/wp\/v2\/comments?post=2563"}],"version-history":[{"count":1,"href":"https:\/\/www.ggs-walheim.de\/index.php\/wp-json\/wp\/v2\/posts\/2563\/revisions"}],"predecessor-version":[{"id":2564,"href":"https:\/\/www.ggs-walheim.de\/index.php\/wp-json\/wp\/v2\/posts\/2563\/revisions\/2564"}],"wp:attachment":[{"href":"https:\/\/www.ggs-walheim.de\/index.php\/wp-json\/wp\/v2\/media?parent=2563"}],"wp:term":[{"taxonomy":"category","embeddable":true,"href":"https:\/\/www.ggs-walheim.de\/index.php\/wp-json\/wp\/v2\/categories?post=2563"},{"taxonomy":"post_tag","embeddable":true,"href":"https:\/\/www.ggs-walheim.de\/index.php\/wp-json\/wp\/v2\/tags?post=2563"}],"curies":[{"name":"wp","href":"https:\/\/api.w.org\/{rel}","templated":true}]}}