{"id":1638,"date":"2021-06-22T13:03:52","date_gmt":"2021-06-22T11:03:52","guid":{"rendered":"https:\/\/www.ggs-walheim.de\/?p=1638"},"modified":"2021-06-22T23:43:23","modified_gmt":"2021-06-22T21:43:23","slug":"informationen-zur-mediennutzung","status":"publish","type":"post","link":"https:\/\/www.ggs-walheim.de\/index.php\/2021\/06\/22\/informationen-zur-mediennutzung\/","title":{"rendered":"Informationen zur Mediennutzung"},"content":{"rendered":"\n<p>Mediennutzung ist ein gro\u00dfes Thema, das uns alle besch\u00e4ftigt. Wir m\u00f6chten Ihnen gerne Material an die Hand geben und haben unsere Webseite um den Punkt Medien im Men\u00fc erg\u00e4nzt. Sie finden dort aktuell Links, auf denen Sie sich zu sinnvoller und verantwortungsvoller Mediennutzung informieren k\u00f6nnen. \u00dcber <a href=\"https:\/\/www.ggs-walheim.de\/index.php\/medien\/\">diesen Link<\/a> kommen Sie direkt zu der Seite.<\/p>\n\n\n\n<p>Der Bereich wird nach und nach um weitere Angebote und Informationen erg\u00e4nzt. Bei Fragen rund um das Thema &#8222;Medien&#8220; stehen wir Ihnen gerne beratend zur Seite.<\/p>\n","protected":false},"excerpt":{"rendered":"<p>Mediennutzung ist ein gro\u00dfes Thema, das uns alle besch\u00e4ftigt. Wir m\u00f6chten Ihnen gerne Material an die Hand geben und haben unsere Webseite um den Punkt&hellip;<\/p>\n","protected":false},"author":1,"featured_media":1639,"comment_status":"closed","ping_status":"closed","sticky":false,"template":"","format":"standard","meta":{"ngg_post_thumbnail":0,"_FSMCFIC_featured_image_caption":"","_FSMCFIC_featured_image_nocaption":"","_FSMCFIC_featured_image_hide":"","footnotes":""},"categories":[192],"tags":[90,193,194,195,85],"class_list":["post-1638","post","type-post","status-publish","format-standard","has-post-thumbnail","hentry","category-medien","tag-ggs","tag-medien","tag-mediennutzung","tag-social-media","tag-walheim"],"yoast_head":"<!-- This site is optimized with the Yoast SEO plugin v27.5 - https:\/\/yoast.com\/product\/yoast-seo-wordpress\/ -->\n<title>Informationen zur Mediennutzung - GGS Walheim<\/title>\n<meta name=\"description\" content=\"Mediennutzung ist ein gro\u00dfes Thema, dass uns alle besch\u00e4ftigt. Wir m\u00f6chten Ihnen gerne Material an die Hand geben und haben unsere Webseite um den Punkt Medien im Men\u00fc erg\u00e4nzt.\" \/>\n<meta name=\"robots\" content=\"index, follow, max-snippet:-1, max-image-preview:large, max-video-preview:-1\" \/>\n<link rel=\"canonical\" href=\"https:\/\/www.ggs-walheim.de\/index.php\/2021\/06\/22\/informationen-zur-mediennutzung\/\" \/>\n<meta property=\"og:locale\" content=\"de_DE\" \/>\n<meta property=\"og:type\" content=\"article\" \/>\n<meta property=\"og:title\" content=\"Informationen zur Mediennutzung - GGS Walheim\" \/>\n<meta property=\"og:description\" content=\"Mediennutzung ist ein gro\u00dfes Thema, dass uns alle besch\u00e4ftigt. Wir m\u00f6chten Ihnen gerne Material an die Hand geben und haben unsere Webseite um den Punkt Medien im Men\u00fc erg\u00e4nzt.\" \/>\n<meta property=\"og:url\" content=\"https:\/\/www.ggs-walheim.de\/index.php\/2021\/06\/22\/informationen-zur-mediennutzung\/\" \/>\n<meta property=\"og:site_name\" content=\"GGS Walheim\" \/>\n<meta property=\"article:published_time\" content=\"2021-06-22T11:03:52+00:00\" \/>\n<meta property=\"article:modified_time\" content=\"2021-06-22T21:43:23+00:00\" \/>\n<meta property=\"og:image\" content=\"https:\/\/www.ggs-walheim.de\/wp-content\/uploads\/2021\/06\/medien.jpg\" \/>\n\t<meta property=\"og:image:width\" content=\"1024\" \/>\n\t<meta property=\"og:image:height\" content=\"768\" \/>\n\t<meta property=\"og:image:type\" content=\"image\/jpeg\" \/>\n<meta name=\"author\" content=\"GGS Walheim\" \/>\n<meta name=\"twitter:card\" content=\"summary_large_image\" \/>\n<meta name=\"twitter:label1\" content=\"Verfasst von\" \/>\n\t<meta name=\"twitter:data1\" content=\"GGS Walheim\" \/>\n\t<meta name=\"twitter:label2\" content=\"Gesch\u00e4tzte Lesezeit\" \/>\n\t<meta name=\"twitter:data2\" content=\"1\u00a0Minute\" \/>\n<script type=\"application\/ld+json\" class=\"yoast-schema-graph\">{\"@context\":\"https:\\\/\\\/schema.org\",\"@graph\":[{\"@type\":\"Article\",\"@id\":\"https:\\\/\\\/www.ggs-walheim.de\\\/index.php\\\/2021\\\/06\\\/22\\\/informationen-zur-mediennutzung\\\/#article\",\"isPartOf\":{\"@id\":\"https:\\\/\\\/www.ggs-walheim.de\\\/index.php\\\/2021\\\/06\\\/22\\\/informationen-zur-mediennutzung\\\/\"},\"author\":{\"name\":\"GGS Walheim\",\"@id\":\"https:\\\/\\\/www.ggs-walheim.de\\\/#\\\/schema\\\/person\\\/dc498b4c02ff41b1686e53870c3f1d3a\"},\"headline\":\"Informationen zur Mediennutzung\",\"datePublished\":\"2021-06-22T11:03:52+00:00\",\"dateModified\":\"2021-06-22T21:43:23+00:00\",\"mainEntityOfPage\":{\"@id\":\"https:\\\/\\\/www.ggs-walheim.de\\\/index.php\\\/2021\\\/06\\\/22\\\/informationen-zur-mediennutzung\\\/\"},\"wordCount\":89,\"publisher\":{\"@id\":\"https:\\\/\\\/www.ggs-walheim.de\\\/#organization\"},\"image\":{\"@id\":\"https:\\\/\\\/www.ggs-walheim.de\\\/index.php\\\/2021\\\/06\\\/22\\\/informationen-zur-mediennutzung\\\/#primaryimage\"},\"thumbnailUrl\":\"https:\\\/\\\/www.ggs-walheim.de\\\/wp-content\\\/uploads\\\/2021\\\/06\\\/medien.jpg\",\"keywords\":[\"GGS\",\"Medien\",\"Mediennutzung\",\"Social Media\",\"Walheim\"],\"articleSection\":[\"Medien\"],\"inLanguage\":\"de\"},{\"@type\":\"WebPage\",\"@id\":\"https:\\\/\\\/www.ggs-walheim.de\\\/index.php\\\/2021\\\/06\\\/22\\\/informationen-zur-mediennutzung\\\/\",\"url\":\"https:\\\/\\\/www.ggs-walheim.de\\\/index.php\\\/2021\\\/06\\\/22\\\/informationen-zur-mediennutzung\\\/\",\"name\":\"Informationen zur Mediennutzung - GGS Walheim\",\"isPartOf\":{\"@id\":\"https:\\\/\\\/www.ggs-walheim.de\\\/#website\"},\"primaryImageOfPage\":{\"@id\":\"https:\\\/\\\/www.ggs-walheim.de\\\/index.php\\\/2021\\\/06\\\/22\\\/informationen-zur-mediennutzung\\\/#primaryimage\"},\"image\":{\"@id\":\"https:\\\/\\\/www.ggs-walheim.de\\\/index.php\\\/2021\\\/06\\\/22\\\/informationen-zur-mediennutzung\\\/#primaryimage\"},\"thumbnailUrl\":\"https:\\\/\\\/www.ggs-walheim.de\\\/wp-content\\\/uploads\\\/2021\\\/06\\\/medien.jpg\",\"datePublished\":\"2021-06-22T11:03:52+00:00\",\"dateModified\":\"2021-06-22T21:43:23+00:00\",\"description\":\"Mediennutzung ist ein gro\u00dfes Thema, dass uns alle besch\u00e4ftigt. Wir m\u00f6chten Ihnen gerne Material an die Hand geben und haben unsere Webseite um den Punkt Medien im Men\u00fc erg\u00e4nzt.\",\"breadcrumb\":{\"@id\":\"https:\\\/\\\/www.ggs-walheim.de\\\/index.php\\\/2021\\\/06\\\/22\\\/informationen-zur-mediennutzung\\\/#breadcrumb\"},\"inLanguage\":\"de\",\"potentialAction\":[{\"@type\":\"ReadAction\",\"target\":[\"https:\\\/\\\/www.ggs-walheim.de\\\/index.php\\\/2021\\\/06\\\/22\\\/informationen-zur-mediennutzung\\\/\"]}]},{\"@type\":\"ImageObject\",\"inLanguage\":\"de\",\"@id\":\"https:\\\/\\\/www.ggs-walheim.de\\\/index.php\\\/2021\\\/06\\\/22\\\/informationen-zur-mediennutzung\\\/#primaryimage\",\"url\":\"https:\\\/\\\/www.ggs-walheim.de\\\/wp-content\\\/uploads\\\/2021\\\/06\\\/medien.jpg\",\"contentUrl\":\"https:\\\/\\\/www.ggs-walheim.de\\\/wp-content\\\/uploads\\\/2021\\\/06\\\/medien.jpg\",\"width\":1024,\"height\":768},{\"@type\":\"BreadcrumbList\",\"@id\":\"https:\\\/\\\/www.ggs-walheim.de\\\/index.php\\\/2021\\\/06\\\/22\\\/informationen-zur-mediennutzung\\\/#breadcrumb\",\"itemListElement\":[{\"@type\":\"ListItem\",\"position\":1,\"name\":\"Startseite\",\"item\":\"https:\\\/\\\/www.ggs-walheim.de\\\/\"},{\"@type\":\"ListItem\",\"position\":2,\"name\":\"Informationen zur Mediennutzung\"}]},{\"@type\":\"WebSite\",\"@id\":\"https:\\\/\\\/www.ggs-walheim.de\\\/#website\",\"url\":\"https:\\\/\\\/www.ggs-walheim.de\\\/\",\"name\":\"GGS Walheim\",\"description\":\"Zu Hause im Aachener S\u00fcden\",\"publisher\":{\"@id\":\"https:\\\/\\\/www.ggs-walheim.de\\\/#organization\"},\"potentialAction\":[{\"@type\":\"SearchAction\",\"target\":{\"@type\":\"EntryPoint\",\"urlTemplate\":\"https:\\\/\\\/www.ggs-walheim.de\\\/?s={search_term_string}\"},\"query-input\":{\"@type\":\"PropertyValueSpecification\",\"valueRequired\":true,\"valueName\":\"search_term_string\"}}],\"inLanguage\":\"de\"},{\"@type\":\"Organization\",\"@id\":\"https:\\\/\\\/www.ggs-walheim.de\\\/#organization\",\"name\":\"St\u00e4dtische Gemeinschaftsgrundschule Walheim\",\"url\":\"https:\\\/\\\/www.ggs-walheim.de\\\/\",\"logo\":{\"@type\":\"ImageObject\",\"inLanguage\":\"de\",\"@id\":\"https:\\\/\\\/www.ggs-walheim.de\\\/#\\\/schema\\\/logo\\\/image\\\/\",\"url\":\"https:\\\/\\\/www.ggs-walheim.de\\\/wp-content\\\/uploads\\\/2020\\\/10\\\/logo-ggs.png\",\"contentUrl\":\"https:\\\/\\\/www.ggs-walheim.de\\\/wp-content\\\/uploads\\\/2020\\\/10\\\/logo-ggs.png\",\"width\":1363,\"height\":1363,\"caption\":\"St\u00e4dtische Gemeinschaftsgrundschule Walheim\"},\"image\":{\"@id\":\"https:\\\/\\\/www.ggs-walheim.de\\\/#\\\/schema\\\/logo\\\/image\\\/\"}},{\"@type\":\"Person\",\"@id\":\"https:\\\/\\\/www.ggs-walheim.de\\\/#\\\/schema\\\/person\\\/dc498b4c02ff41b1686e53870c3f1d3a\",\"name\":\"GGS Walheim\",\"image\":{\"@type\":\"ImageObject\",\"inLanguage\":\"de\",\"@id\":\"https:\\\/\\\/secure.gravatar.com\\\/avatar\\\/23f48a97eefdf604c89fbb81af5e467a1fc46f923bb9a338ac540f530aeb7dc4?s=96&d=mm&r=g\",\"url\":\"https:\\\/\\\/secure.gravatar.com\\\/avatar\\\/23f48a97eefdf604c89fbb81af5e467a1fc46f923bb9a338ac540f530aeb7dc4?s=96&d=mm&r=g\",\"contentUrl\":\"https:\\\/\\\/secure.gravatar.com\\\/avatar\\\/23f48a97eefdf604c89fbb81af5e467a1fc46f923bb9a338ac540f530aeb7dc4?s=96&d=mm&r=g\",\"caption\":\"GGS Walheim\"},\"url\":\"https:\\\/\\\/www.ggs-walheim.de\\\/index.php\\\/author\\\/ggs-walheim\\\/\"}]}<\/script>\n<!-- \/ Yoast SEO plugin. -->","yoast_head_json":{"title":"Informationen zur Mediennutzung - GGS Walheim","description":"Mediennutzung ist ein gro\u00dfes Thema, dass uns alle besch\u00e4ftigt. Wir m\u00f6chten Ihnen gerne Material an die Hand geben und haben unsere Webseite um den Punkt Medien im Men\u00fc erg\u00e4nzt.","robots":{"index":"index","follow":"follow","max-snippet":"max-snippet:-1","max-image-preview":"max-image-preview:large","max-video-preview":"max-video-preview:-1"},"canonical":"https:\/\/www.ggs-walheim.de\/index.php\/2021\/06\/22\/informationen-zur-mediennutzung\/","og_locale":"de_DE","og_type":"article","og_title":"Informationen zur Mediennutzung - GGS Walheim","og_description":"Mediennutzung ist ein gro\u00dfes Thema, dass uns alle besch\u00e4ftigt. Wir m\u00f6chten Ihnen gerne Material an die Hand geben und haben unsere Webseite um den Punkt Medien im Men\u00fc erg\u00e4nzt.","og_url":"https:\/\/www.ggs-walheim.de\/index.php\/2021\/06\/22\/informationen-zur-mediennutzung\/","og_site_name":"GGS Walheim","article_published_time":"2021-06-22T11:03:52+00:00","article_modified_time":"2021-06-22T21:43:23+00:00","og_image":[{"width":1024,"height":768,"url":"https:\/\/www.ggs-walheim.de\/wp-content\/uploads\/2021\/06\/medien.jpg","type":"image\/jpeg"}],"author":"GGS Walheim","twitter_card":"summary_large_image","twitter_misc":{"Verfasst von":"GGS Walheim","Gesch\u00e4tzte Lesezeit":"1\u00a0Minute"},"schema":{"@context":"https:\/\/schema.org","@graph":[{"@type":"Article","@id":"https:\/\/www.ggs-walheim.de\/index.php\/2021\/06\/22\/informationen-zur-mediennutzung\/#article","isPartOf":{"@id":"https:\/\/www.ggs-walheim.de\/index.php\/2021\/06\/22\/informationen-zur-mediennutzung\/"},"author":{"name":"GGS Walheim","@id":"https:\/\/www.ggs-walheim.de\/#\/schema\/person\/dc498b4c02ff41b1686e53870c3f1d3a"},"headline":"Informationen zur Mediennutzung","datePublished":"2021-06-22T11:03:52+00:00","dateModified":"2021-06-22T21:43:23+00:00","mainEntityOfPage":{"@id":"https:\/\/www.ggs-walheim.de\/index.php\/2021\/06\/22\/informationen-zur-mediennutzung\/"},"wordCount":89,"publisher":{"@id":"https:\/\/www.ggs-walheim.de\/#organization"},"image":{"@id":"https:\/\/www.ggs-walheim.de\/index.php\/2021\/06\/22\/informationen-zur-mediennutzung\/#primaryimage"},"thumbnailUrl":"https:\/\/www.ggs-walheim.de\/wp-content\/uploads\/2021\/06\/medien.jpg","keywords":["GGS","Medien","Mediennutzung","Social Media","Walheim"],"articleSection":["Medien"],"inLanguage":"de"},{"@type":"WebPage","@id":"https:\/\/www.ggs-walheim.de\/index.php\/2021\/06\/22\/informationen-zur-mediennutzung\/","url":"https:\/\/www.ggs-walheim.de\/index.php\/2021\/06\/22\/informationen-zur-mediennutzung\/","name":"Informationen zur Mediennutzung - GGS Walheim","isPartOf":{"@id":"https:\/\/www.ggs-walheim.de\/#website"},"primaryImageOfPage":{"@id":"https:\/\/www.ggs-walheim.de\/index.php\/2021\/06\/22\/informationen-zur-mediennutzung\/#primaryimage"},"image":{"@id":"https:\/\/www.ggs-walheim.de\/index.php\/2021\/06\/22\/informationen-zur-mediennutzung\/#primaryimage"},"thumbnailUrl":"https:\/\/www.ggs-walheim.de\/wp-content\/uploads\/2021\/06\/medien.jpg","datePublished":"2021-06-22T11:03:52+00:00","dateModified":"2021-06-22T21:43:23+00:00","description":"Mediennutzung ist ein gro\u00dfes Thema, dass uns alle besch\u00e4ftigt. Wir m\u00f6chten Ihnen gerne Material an die Hand geben und haben unsere Webseite um den Punkt Medien im Men\u00fc erg\u00e4nzt.","breadcrumb":{"@id":"https:\/\/www.ggs-walheim.de\/index.php\/2021\/06\/22\/informationen-zur-mediennutzung\/#breadcrumb"},"inLanguage":"de","potentialAction":[{"@type":"ReadAction","target":["https:\/\/www.ggs-walheim.de\/index.php\/2021\/06\/22\/informationen-zur-mediennutzung\/"]}]},{"@type":"ImageObject","inLanguage":"de","@id":"https:\/\/www.ggs-walheim.de\/index.php\/2021\/06\/22\/informationen-zur-mediennutzung\/#primaryimage","url":"https:\/\/www.ggs-walheim.de\/wp-content\/uploads\/2021\/06\/medien.jpg","contentUrl":"https:\/\/www.ggs-walheim.de\/wp-content\/uploads\/2021\/06\/medien.jpg","width":1024,"height":768},{"@type":"BreadcrumbList","@id":"https:\/\/www.ggs-walheim.de\/index.php\/2021\/06\/22\/informationen-zur-mediennutzung\/#breadcrumb","itemListElement":[{"@type":"ListItem","position":1,"name":"Startseite","item":"https:\/\/www.ggs-walheim.de\/"},{"@type":"ListItem","position":2,"name":"Informationen zur Mediennutzung"}]},{"@type":"WebSite","@id":"https:\/\/www.ggs-walheim.de\/#website","url":"https:\/\/www.ggs-walheim.de\/","name":"GGS Walheim","description":"Zu Hause im Aachener S\u00fcden","publisher":{"@id":"https:\/\/www.ggs-walheim.de\/#organization"},"potentialAction":[{"@type":"SearchAction","target":{"@type":"EntryPoint","urlTemplate":"https:\/\/www.ggs-walheim.de\/?s={search_term_string}"},"query-input":{"@type":"PropertyValueSpecification","valueRequired":true,"valueName":"search_term_string"}}],"inLanguage":"de"},{"@type":"Organization","@id":"https:\/\/www.ggs-walheim.de\/#organization","name":"St\u00e4dtische Gemeinschaftsgrundschule Walheim","url":"https:\/\/www.ggs-walheim.de\/","logo":{"@type":"ImageObject","inLanguage":"de","@id":"https:\/\/www.ggs-walheim.de\/#\/schema\/logo\/image\/","url":"https:\/\/www.ggs-walheim.de\/wp-content\/uploads\/2020\/10\/logo-ggs.png","contentUrl":"https:\/\/www.ggs-walheim.de\/wp-content\/uploads\/2020\/10\/logo-ggs.png","width":1363,"height":1363,"caption":"St\u00e4dtische Gemeinschaftsgrundschule Walheim"},"image":{"@id":"https:\/\/www.ggs-walheim.de\/#\/schema\/logo\/image\/"}},{"@type":"Person","@id":"https:\/\/www.ggs-walheim.de\/#\/schema\/person\/dc498b4c02ff41b1686e53870c3f1d3a","name":"GGS Walheim","image":{"@type":"ImageObject","inLanguage":"de","@id":"https:\/\/secure.gravatar.com\/avatar\/23f48a97eefdf604c89fbb81af5e467a1fc46f923bb9a338ac540f530aeb7dc4?s=96&d=mm&r=g","url":"https:\/\/secure.gravatar.com\/avatar\/23f48a97eefdf604c89fbb81af5e467a1fc46f923bb9a338ac540f530aeb7dc4?s=96&d=mm&r=g","contentUrl":"https:\/\/secure.gravatar.com\/avatar\/23f48a97eefdf604c89fbb81af5e467a1fc46f923bb9a338ac540f530aeb7dc4?s=96&d=mm&r=g","caption":"GGS Walheim"},"url":"https:\/\/www.ggs-walheim.de\/index.php\/author\/ggs-walheim\/"}]}},"_links":{"self":[{"href":"https:\/\/www.ggs-walheim.de\/index.php\/wp-json\/wp\/v2\/posts\/1638","targetHints":{"allow":["GET"]}}],"collection":[{"href":"https:\/\/www.ggs-walheim.de\/index.php\/wp-json\/wp\/v2\/posts"}],"about":[{"href":"https:\/\/www.ggs-walheim.de\/index.php\/wp-json\/wp\/v2\/types\/post"}],"author":[{"embeddable":true,"href":"https:\/\/www.ggs-walheim.de\/index.php\/wp-json\/wp\/v2\/users\/1"}],"replies":[{"embeddable":true,"href":"https:\/\/www.ggs-walheim.de\/index.php\/wp-json\/wp\/v2\/comments?post=1638"}],"version-history":[{"count":2,"href":"https:\/\/www.ggs-walheim.de\/index.php\/wp-json\/wp\/v2\/posts\/1638\/revisions"}],"predecessor-version":[{"id":1641,"href":"https:\/\/www.ggs-walheim.de\/index.php\/wp-json\/wp\/v2\/posts\/1638\/revisions\/1641"}],"wp:featuredmedia":[{"embeddable":true,"href":"https:\/\/www.ggs-walheim.de\/index.php\/wp-json\/wp\/v2\/media\/1639"}],"wp:attachment":[{"href":"https:\/\/www.ggs-walheim.de\/index.php\/wp-json\/wp\/v2\/media?parent=1638"}],"wp:term":[{"taxonomy":"category","embeddable":true,"href":"https:\/\/www.ggs-walheim.de\/index.php\/wp-json\/wp\/v2\/categories?post=1638"},{"taxonomy":"post_tag","embeddable":true,"href":"https:\/\/www.ggs-walheim.de\/index.php\/wp-json\/wp\/v2\/tags?post=1638"}],"curies":[{"name":"wp","href":"https:\/\/api.w.org\/{rel}","templated":true}]}}