{"id":1062,"date":"2020-10-09T10:13:31","date_gmt":"2020-10-09T10:13:31","guid":{"rendered":"https:\/\/www.ggs-walheim.de\/?p=1062"},"modified":"2021-02-12T17:31:43","modified_gmt":"2021-02-12T16:31:43","slug":"neues-logo-fuer-den-foerderverein","status":"publish","type":"post","link":"https:\/\/www.ggs-walheim.de\/index.php\/2020\/10\/09\/neues-logo-fuer-den-foerderverein\/","title":{"rendered":"Neues Logo f\u00fcr den F\u00f6rderverein"},"content":{"rendered":"\n<p>Der <a href=\"https:\/\/www.ggs-walheim.de\/index.php\/der-foerderverein\/\">F\u00f6rderverein<\/a> hat ein neues Logo erhalten. Das alte Logo lag nicht mehr in einer ansprechenden Aufl\u00f6sung vor (zum Beispiel f\u00fcr Plakate) und es wurde auch mal Zeit f\u00fcr eine Frischzellenkur. Frau Taraschewski (Kassenpr\u00fcferin des F\u00f6rdervereins) und Herr Karg (Kollegium) haben in Kooperation ein neues Logo gestaltet.<\/p>\n","protected":false},"excerpt":{"rendered":"<p>Der F\u00f6rderverein hat ein neues Logo erhalten. Das alte Logo lag nicht mehr in einer ansprechenden Aufl\u00f6sung vor (zum Beispiel f\u00fcr Plakate) und es wurde&hellip;<\/p>\n","protected":false},"author":1,"featured_media":1065,"comment_status":"closed","ping_status":"closed","sticky":false,"template":"","format":"standard","meta":{"ngg_post_thumbnail":0,"_FSMCFIC_featured_image_caption":"","_FSMCFIC_featured_image_nocaption":"","_FSMCFIC_featured_image_hide":"","footnotes":""},"categories":[79],"tags":[86,80,90,84,85],"class_list":["post-1062","post","type-post","status-publish","format-standard","has-post-thumbnail","hentry","category-foerderverein","tag-aachen","tag-foerderverein","tag-ggs","tag-grundschule","tag-walheim"],"yoast_head":"<!-- This site is optimized with the Yoast SEO plugin v27.5 - https:\/\/yoast.com\/product\/yoast-seo-wordpress\/ -->\n<title>Neues Logo f\u00fcr den F\u00f6rderverein - GGS Walheim<\/title>\n<meta name=\"description\" content=\"Der F\u00f6rderverein hat ein neues Logo erhalten. Das alte Logo lag nicht mehr in einer ansprechenden Aufl\u00f6sung vor und es wurde auch mal Zeit f\u00fcr eine Frischzellenkur.\" \/>\n<meta name=\"robots\" content=\"index, follow, max-snippet:-1, max-image-preview:large, max-video-preview:-1\" \/>\n<link rel=\"canonical\" href=\"https:\/\/www.ggs-walheim.de\/index.php\/2020\/10\/09\/neues-logo-fuer-den-foerderverein\/\" \/>\n<meta property=\"og:locale\" content=\"de_DE\" \/>\n<meta property=\"og:type\" content=\"article\" \/>\n<meta property=\"og:title\" content=\"Neues Logo f\u00fcr den F\u00f6rderverein - GGS Walheim\" \/>\n<meta property=\"og:description\" content=\"Der F\u00f6rderverein hat ein neues Logo erhalten. Das alte Logo lag nicht mehr in einer ansprechenden Aufl\u00f6sung vor und es wurde auch mal Zeit f\u00fcr eine Frischzellenkur.\" \/>\n<meta property=\"og:url\" content=\"https:\/\/www.ggs-walheim.de\/index.php\/2020\/10\/09\/neues-logo-fuer-den-foerderverein\/\" \/>\n<meta property=\"og:site_name\" content=\"GGS Walheim\" \/>\n<meta property=\"article:published_time\" content=\"2020-10-09T10:13:31+00:00\" \/>\n<meta property=\"article:modified_time\" content=\"2021-02-12T16:31:43+00:00\" \/>\n<meta property=\"og:image\" content=\"https:\/\/www.ggs-walheim.de\/wp-content\/uploads\/2020\/10\/foerderverein_logo_beitrag.png\" \/>\n\t<meta property=\"og:image:width\" content=\"1024\" \/>\n\t<meta property=\"og:image:height\" content=\"768\" \/>\n\t<meta property=\"og:image:type\" content=\"image\/png\" \/>\n<meta name=\"author\" content=\"GGS Walheim\" \/>\n<meta name=\"twitter:card\" content=\"summary_large_image\" \/>\n<meta name=\"twitter:label1\" content=\"Verfasst von\" \/>\n\t<meta name=\"twitter:data1\" content=\"GGS Walheim\" \/>\n\t<meta name=\"twitter:label2\" content=\"Gesch\u00e4tzte Lesezeit\" \/>\n\t<meta name=\"twitter:data2\" content=\"1\u00a0Minute\" \/>\n<script type=\"application\/ld+json\" class=\"yoast-schema-graph\">{\"@context\":\"https:\\\/\\\/schema.org\",\"@graph\":[{\"@type\":\"Article\",\"@id\":\"https:\\\/\\\/www.ggs-walheim.de\\\/index.php\\\/2020\\\/10\\\/09\\\/neues-logo-fuer-den-foerderverein\\\/#article\",\"isPartOf\":{\"@id\":\"https:\\\/\\\/www.ggs-walheim.de\\\/index.php\\\/2020\\\/10\\\/09\\\/neues-logo-fuer-den-foerderverein\\\/\"},\"author\":{\"name\":\"GGS Walheim\",\"@id\":\"https:\\\/\\\/www.ggs-walheim.de\\\/#\\\/schema\\\/person\\\/dc498b4c02ff41b1686e53870c3f1d3a\"},\"headline\":\"Neues Logo f\u00fcr den F\u00f6rderverein\",\"datePublished\":\"2020-10-09T10:13:31+00:00\",\"dateModified\":\"2021-02-12T16:31:43+00:00\",\"mainEntityOfPage\":{\"@id\":\"https:\\\/\\\/www.ggs-walheim.de\\\/index.php\\\/2020\\\/10\\\/09\\\/neues-logo-fuer-den-foerderverein\\\/\"},\"wordCount\":60,\"publisher\":{\"@id\":\"https:\\\/\\\/www.ggs-walheim.de\\\/#organization\"},\"image\":{\"@id\":\"https:\\\/\\\/www.ggs-walheim.de\\\/index.php\\\/2020\\\/10\\\/09\\\/neues-logo-fuer-den-foerderverein\\\/#primaryimage\"},\"thumbnailUrl\":\"https:\\\/\\\/www.ggs-walheim.de\\\/wp-content\\\/uploads\\\/2020\\\/10\\\/foerderverein_logo_beitrag.png\",\"keywords\":[\"Aachen\",\"F\u00f6rderverein\",\"GGS\",\"Grundschule\",\"Walheim\"],\"articleSection\":[\"F\u00f6rderverein\"],\"inLanguage\":\"de\"},{\"@type\":\"WebPage\",\"@id\":\"https:\\\/\\\/www.ggs-walheim.de\\\/index.php\\\/2020\\\/10\\\/09\\\/neues-logo-fuer-den-foerderverein\\\/\",\"url\":\"https:\\\/\\\/www.ggs-walheim.de\\\/index.php\\\/2020\\\/10\\\/09\\\/neues-logo-fuer-den-foerderverein\\\/\",\"name\":\"Neues Logo f\u00fcr den F\u00f6rderverein - GGS Walheim\",\"isPartOf\":{\"@id\":\"https:\\\/\\\/www.ggs-walheim.de\\\/#website\"},\"primaryImageOfPage\":{\"@id\":\"https:\\\/\\\/www.ggs-walheim.de\\\/index.php\\\/2020\\\/10\\\/09\\\/neues-logo-fuer-den-foerderverein\\\/#primaryimage\"},\"image\":{\"@id\":\"https:\\\/\\\/www.ggs-walheim.de\\\/index.php\\\/2020\\\/10\\\/09\\\/neues-logo-fuer-den-foerderverein\\\/#primaryimage\"},\"thumbnailUrl\":\"https:\\\/\\\/www.ggs-walheim.de\\\/wp-content\\\/uploads\\\/2020\\\/10\\\/foerderverein_logo_beitrag.png\",\"datePublished\":\"2020-10-09T10:13:31+00:00\",\"dateModified\":\"2021-02-12T16:31:43+00:00\",\"description\":\"Der F\u00f6rderverein hat ein neues Logo erhalten. Das alte Logo lag nicht mehr in einer ansprechenden Aufl\u00f6sung vor und es wurde auch mal Zeit f\u00fcr eine Frischzellenkur.\",\"breadcrumb\":{\"@id\":\"https:\\\/\\\/www.ggs-walheim.de\\\/index.php\\\/2020\\\/10\\\/09\\\/neues-logo-fuer-den-foerderverein\\\/#breadcrumb\"},\"inLanguage\":\"de\",\"potentialAction\":[{\"@type\":\"ReadAction\",\"target\":[\"https:\\\/\\\/www.ggs-walheim.de\\\/index.php\\\/2020\\\/10\\\/09\\\/neues-logo-fuer-den-foerderverein\\\/\"]}]},{\"@type\":\"ImageObject\",\"inLanguage\":\"de\",\"@id\":\"https:\\\/\\\/www.ggs-walheim.de\\\/index.php\\\/2020\\\/10\\\/09\\\/neues-logo-fuer-den-foerderverein\\\/#primaryimage\",\"url\":\"https:\\\/\\\/www.ggs-walheim.de\\\/wp-content\\\/uploads\\\/2020\\\/10\\\/foerderverein_logo_beitrag.png\",\"contentUrl\":\"https:\\\/\\\/www.ggs-walheim.de\\\/wp-content\\\/uploads\\\/2020\\\/10\\\/foerderverein_logo_beitrag.png\",\"width\":1024,\"height\":768,\"caption\":\"Logo Verein der Freunde und F\u00f6rderer der GGS Walheim e.V.\"},{\"@type\":\"BreadcrumbList\",\"@id\":\"https:\\\/\\\/www.ggs-walheim.de\\\/index.php\\\/2020\\\/10\\\/09\\\/neues-logo-fuer-den-foerderverein\\\/#breadcrumb\",\"itemListElement\":[{\"@type\":\"ListItem\",\"position\":1,\"name\":\"Startseite\",\"item\":\"https:\\\/\\\/www.ggs-walheim.de\\\/\"},{\"@type\":\"ListItem\",\"position\":2,\"name\":\"Neues Logo f\u00fcr den F\u00f6rderverein\"}]},{\"@type\":\"WebSite\",\"@id\":\"https:\\\/\\\/www.ggs-walheim.de\\\/#website\",\"url\":\"https:\\\/\\\/www.ggs-walheim.de\\\/\",\"name\":\"GGS Walheim\",\"description\":\"Zu Hause im Aachener S\u00fcden\",\"publisher\":{\"@id\":\"https:\\\/\\\/www.ggs-walheim.de\\\/#organization\"},\"potentialAction\":[{\"@type\":\"SearchAction\",\"target\":{\"@type\":\"EntryPoint\",\"urlTemplate\":\"https:\\\/\\\/www.ggs-walheim.de\\\/?s={search_term_string}\"},\"query-input\":{\"@type\":\"PropertyValueSpecification\",\"valueRequired\":true,\"valueName\":\"search_term_string\"}}],\"inLanguage\":\"de\"},{\"@type\":\"Organization\",\"@id\":\"https:\\\/\\\/www.ggs-walheim.de\\\/#organization\",\"name\":\"St\u00e4dtische Gemeinschaftsgrundschule Walheim\",\"url\":\"https:\\\/\\\/www.ggs-walheim.de\\\/\",\"logo\":{\"@type\":\"ImageObject\",\"inLanguage\":\"de\",\"@id\":\"https:\\\/\\\/www.ggs-walheim.de\\\/#\\\/schema\\\/logo\\\/image\\\/\",\"url\":\"https:\\\/\\\/www.ggs-walheim.de\\\/wp-content\\\/uploads\\\/2020\\\/10\\\/logo-ggs.png\",\"contentUrl\":\"https:\\\/\\\/www.ggs-walheim.de\\\/wp-content\\\/uploads\\\/2020\\\/10\\\/logo-ggs.png\",\"width\":1363,\"height\":1363,\"caption\":\"St\u00e4dtische Gemeinschaftsgrundschule Walheim\"},\"image\":{\"@id\":\"https:\\\/\\\/www.ggs-walheim.de\\\/#\\\/schema\\\/logo\\\/image\\\/\"}},{\"@type\":\"Person\",\"@id\":\"https:\\\/\\\/www.ggs-walheim.de\\\/#\\\/schema\\\/person\\\/dc498b4c02ff41b1686e53870c3f1d3a\",\"name\":\"GGS Walheim\",\"image\":{\"@type\":\"ImageObject\",\"inLanguage\":\"de\",\"@id\":\"https:\\\/\\\/secure.gravatar.com\\\/avatar\\\/23f48a97eefdf604c89fbb81af5e467a1fc46f923bb9a338ac540f530aeb7dc4?s=96&d=mm&r=g\",\"url\":\"https:\\\/\\\/secure.gravatar.com\\\/avatar\\\/23f48a97eefdf604c89fbb81af5e467a1fc46f923bb9a338ac540f530aeb7dc4?s=96&d=mm&r=g\",\"contentUrl\":\"https:\\\/\\\/secure.gravatar.com\\\/avatar\\\/23f48a97eefdf604c89fbb81af5e467a1fc46f923bb9a338ac540f530aeb7dc4?s=96&d=mm&r=g\",\"caption\":\"GGS Walheim\"},\"url\":\"https:\\\/\\\/www.ggs-walheim.de\\\/index.php\\\/author\\\/ggs-walheim\\\/\"}]}<\/script>\n<!-- \/ Yoast SEO plugin. -->","yoast_head_json":{"title":"Neues Logo f\u00fcr den F\u00f6rderverein - GGS Walheim","description":"Der F\u00f6rderverein hat ein neues Logo erhalten. Das alte Logo lag nicht mehr in einer ansprechenden Aufl\u00f6sung vor und es wurde auch mal Zeit f\u00fcr eine Frischzellenkur.","robots":{"index":"index","follow":"follow","max-snippet":"max-snippet:-1","max-image-preview":"max-image-preview:large","max-video-preview":"max-video-preview:-1"},"canonical":"https:\/\/www.ggs-walheim.de\/index.php\/2020\/10\/09\/neues-logo-fuer-den-foerderverein\/","og_locale":"de_DE","og_type":"article","og_title":"Neues Logo f\u00fcr den F\u00f6rderverein - GGS Walheim","og_description":"Der F\u00f6rderverein hat ein neues Logo erhalten. Das alte Logo lag nicht mehr in einer ansprechenden Aufl\u00f6sung vor und es wurde auch mal Zeit f\u00fcr eine Frischzellenkur.","og_url":"https:\/\/www.ggs-walheim.de\/index.php\/2020\/10\/09\/neues-logo-fuer-den-foerderverein\/","og_site_name":"GGS Walheim","article_published_time":"2020-10-09T10:13:31+00:00","article_modified_time":"2021-02-12T16:31:43+00:00","og_image":[{"width":1024,"height":768,"url":"https:\/\/www.ggs-walheim.de\/wp-content\/uploads\/2020\/10\/foerderverein_logo_beitrag.png","type":"image\/png"}],"author":"GGS Walheim","twitter_card":"summary_large_image","twitter_misc":{"Verfasst von":"GGS Walheim","Gesch\u00e4tzte Lesezeit":"1\u00a0Minute"},"schema":{"@context":"https:\/\/schema.org","@graph":[{"@type":"Article","@id":"https:\/\/www.ggs-walheim.de\/index.php\/2020\/10\/09\/neues-logo-fuer-den-foerderverein\/#article","isPartOf":{"@id":"https:\/\/www.ggs-walheim.de\/index.php\/2020\/10\/09\/neues-logo-fuer-den-foerderverein\/"},"author":{"name":"GGS Walheim","@id":"https:\/\/www.ggs-walheim.de\/#\/schema\/person\/dc498b4c02ff41b1686e53870c3f1d3a"},"headline":"Neues Logo f\u00fcr den F\u00f6rderverein","datePublished":"2020-10-09T10:13:31+00:00","dateModified":"2021-02-12T16:31:43+00:00","mainEntityOfPage":{"@id":"https:\/\/www.ggs-walheim.de\/index.php\/2020\/10\/09\/neues-logo-fuer-den-foerderverein\/"},"wordCount":60,"publisher":{"@id":"https:\/\/www.ggs-walheim.de\/#organization"},"image":{"@id":"https:\/\/www.ggs-walheim.de\/index.php\/2020\/10\/09\/neues-logo-fuer-den-foerderverein\/#primaryimage"},"thumbnailUrl":"https:\/\/www.ggs-walheim.de\/wp-content\/uploads\/2020\/10\/foerderverein_logo_beitrag.png","keywords":["Aachen","F\u00f6rderverein","GGS","Grundschule","Walheim"],"articleSection":["F\u00f6rderverein"],"inLanguage":"de"},{"@type":"WebPage","@id":"https:\/\/www.ggs-walheim.de\/index.php\/2020\/10\/09\/neues-logo-fuer-den-foerderverein\/","url":"https:\/\/www.ggs-walheim.de\/index.php\/2020\/10\/09\/neues-logo-fuer-den-foerderverein\/","name":"Neues Logo f\u00fcr den F\u00f6rderverein - GGS Walheim","isPartOf":{"@id":"https:\/\/www.ggs-walheim.de\/#website"},"primaryImageOfPage":{"@id":"https:\/\/www.ggs-walheim.de\/index.php\/2020\/10\/09\/neues-logo-fuer-den-foerderverein\/#primaryimage"},"image":{"@id":"https:\/\/www.ggs-walheim.de\/index.php\/2020\/10\/09\/neues-logo-fuer-den-foerderverein\/#primaryimage"},"thumbnailUrl":"https:\/\/www.ggs-walheim.de\/wp-content\/uploads\/2020\/10\/foerderverein_logo_beitrag.png","datePublished":"2020-10-09T10:13:31+00:00","dateModified":"2021-02-12T16:31:43+00:00","description":"Der F\u00f6rderverein hat ein neues Logo erhalten. Das alte Logo lag nicht mehr in einer ansprechenden Aufl\u00f6sung vor und es wurde auch mal Zeit f\u00fcr eine Frischzellenkur.","breadcrumb":{"@id":"https:\/\/www.ggs-walheim.de\/index.php\/2020\/10\/09\/neues-logo-fuer-den-foerderverein\/#breadcrumb"},"inLanguage":"de","potentialAction":[{"@type":"ReadAction","target":["https:\/\/www.ggs-walheim.de\/index.php\/2020\/10\/09\/neues-logo-fuer-den-foerderverein\/"]}]},{"@type":"ImageObject","inLanguage":"de","@id":"https:\/\/www.ggs-walheim.de\/index.php\/2020\/10\/09\/neues-logo-fuer-den-foerderverein\/#primaryimage","url":"https:\/\/www.ggs-walheim.de\/wp-content\/uploads\/2020\/10\/foerderverein_logo_beitrag.png","contentUrl":"https:\/\/www.ggs-walheim.de\/wp-content\/uploads\/2020\/10\/foerderverein_logo_beitrag.png","width":1024,"height":768,"caption":"Logo Verein der Freunde und F\u00f6rderer der GGS Walheim e.V."},{"@type":"BreadcrumbList","@id":"https:\/\/www.ggs-walheim.de\/index.php\/2020\/10\/09\/neues-logo-fuer-den-foerderverein\/#breadcrumb","itemListElement":[{"@type":"ListItem","position":1,"name":"Startseite","item":"https:\/\/www.ggs-walheim.de\/"},{"@type":"ListItem","position":2,"name":"Neues Logo f\u00fcr den F\u00f6rderverein"}]},{"@type":"WebSite","@id":"https:\/\/www.ggs-walheim.de\/#website","url":"https:\/\/www.ggs-walheim.de\/","name":"GGS Walheim","description":"Zu Hause im Aachener S\u00fcden","publisher":{"@id":"https:\/\/www.ggs-walheim.de\/#organization"},"potentialAction":[{"@type":"SearchAction","target":{"@type":"EntryPoint","urlTemplate":"https:\/\/www.ggs-walheim.de\/?s={search_term_string}"},"query-input":{"@type":"PropertyValueSpecification","valueRequired":true,"valueName":"search_term_string"}}],"inLanguage":"de"},{"@type":"Organization","@id":"https:\/\/www.ggs-walheim.de\/#organization","name":"St\u00e4dtische Gemeinschaftsgrundschule Walheim","url":"https:\/\/www.ggs-walheim.de\/","logo":{"@type":"ImageObject","inLanguage":"de","@id":"https:\/\/www.ggs-walheim.de\/#\/schema\/logo\/image\/","url":"https:\/\/www.ggs-walheim.de\/wp-content\/uploads\/2020\/10\/logo-ggs.png","contentUrl":"https:\/\/www.ggs-walheim.de\/wp-content\/uploads\/2020\/10\/logo-ggs.png","width":1363,"height":1363,"caption":"St\u00e4dtische Gemeinschaftsgrundschule Walheim"},"image":{"@id":"https:\/\/www.ggs-walheim.de\/#\/schema\/logo\/image\/"}},{"@type":"Person","@id":"https:\/\/www.ggs-walheim.de\/#\/schema\/person\/dc498b4c02ff41b1686e53870c3f1d3a","name":"GGS Walheim","image":{"@type":"ImageObject","inLanguage":"de","@id":"https:\/\/secure.gravatar.com\/avatar\/23f48a97eefdf604c89fbb81af5e467a1fc46f923bb9a338ac540f530aeb7dc4?s=96&d=mm&r=g","url":"https:\/\/secure.gravatar.com\/avatar\/23f48a97eefdf604c89fbb81af5e467a1fc46f923bb9a338ac540f530aeb7dc4?s=96&d=mm&r=g","contentUrl":"https:\/\/secure.gravatar.com\/avatar\/23f48a97eefdf604c89fbb81af5e467a1fc46f923bb9a338ac540f530aeb7dc4?s=96&d=mm&r=g","caption":"GGS Walheim"},"url":"https:\/\/www.ggs-walheim.de\/index.php\/author\/ggs-walheim\/"}]}},"_links":{"self":[{"href":"https:\/\/www.ggs-walheim.de\/index.php\/wp-json\/wp\/v2\/posts\/1062","targetHints":{"allow":["GET"]}}],"collection":[{"href":"https:\/\/www.ggs-walheim.de\/index.php\/wp-json\/wp\/v2\/posts"}],"about":[{"href":"https:\/\/www.ggs-walheim.de\/index.php\/wp-json\/wp\/v2\/types\/post"}],"author":[{"embeddable":true,"href":"https:\/\/www.ggs-walheim.de\/index.php\/wp-json\/wp\/v2\/users\/1"}],"replies":[{"embeddable":true,"href":"https:\/\/www.ggs-walheim.de\/index.php\/wp-json\/wp\/v2\/comments?post=1062"}],"version-history":[{"count":2,"href":"https:\/\/www.ggs-walheim.de\/index.php\/wp-json\/wp\/v2\/posts\/1062\/revisions"}],"predecessor-version":[{"id":1064,"href":"https:\/\/www.ggs-walheim.de\/index.php\/wp-json\/wp\/v2\/posts\/1062\/revisions\/1064"}],"wp:featuredmedia":[{"embeddable":true,"href":"https:\/\/www.ggs-walheim.de\/index.php\/wp-json\/wp\/v2\/media\/1065"}],"wp:attachment":[{"href":"https:\/\/www.ggs-walheim.de\/index.php\/wp-json\/wp\/v2\/media?parent=1062"}],"wp:term":[{"taxonomy":"category","embeddable":true,"href":"https:\/\/www.ggs-walheim.de\/index.php\/wp-json\/wp\/v2\/categories?post=1062"},{"taxonomy":"post_tag","embeddable":true,"href":"https:\/\/www.ggs-walheim.de\/index.php\/wp-json\/wp\/v2\/tags?post=1062"}],"curies":[{"name":"wp","href":"https:\/\/api.w.org\/{rel}","templated":true}]}}